{"id":7990,"date":"2026-06-01T07:42:13","date_gmt":"2026-06-01T07:42:13","guid":{"rendered":"https:\/\/garderieminimi.com\/?p=7990"},"modified":"2026-06-01T07:42:17","modified_gmt":"2026-06-01T07:42:17","slug":"les-bienfaits-des-activites-physiques","status":"publish","type":"post","link":"https:\/\/garderieminimi.com\/en\/2026\/06\/01\/les-bienfaits-des-activites-physiques\/","title":{"rendered":"The Benefits of Physical Activities in the Daycare"},"content":{"rendered":"<p class=\"wp-block-paragraph translation-block\">The Benefits of Physical Activities in the Daycare - Choosing an active lifestyle environment for your toddler is an investment in their future well-being. At Garderie \u00c9ducative Minimi, we firmly believe that movement is essential for overall development. Beyond simple free play, we integrate structured sessions to allow children to thrive fully.<\/p>\n\n\n\n<h2 class=\"wp-block-heading\"><strong>The Benefits of Sports in Daycare<\/strong><\/h2>\n\n\n\n<p class=\"wp-block-paragraph\">L&rsquo;int\u00e9gration d&rsquo;activit\u00e9s physiques permet aux enfants de canaliser leur \u00e9nergie tout en d\u00e9veloppant leur motricit\u00e9 globale. Que ce soit par le yoga, la danse ou la Zumba, chaque mouvement contribue \u00e0 am\u00e9liorer la coordination, l\u2019\u00e9quilibre et la conscience corporelle.<\/p>\n\n\n\n<p class=\"wp-block-paragraph\">Yoga helps children calm their minds and focus, offering them moments of serenity in the middle of a busy day. Dance and Zumba, on the other hand, release tension and promote a positive mood.<\/p>\n\n\n\n<h2 class=\"wp-block-heading\"><strong>Moving for Better Growth<\/strong><\/h2>\n\n\n\n<p class=\"wp-block-paragraph\">Chez Garderie \u00c9ducative Minimi, nous ne nous contentons pas de proposer des exercices. Nous cr\u00e9ons aussi des occasions de plaisir et de socialisation. Nos s\u00e9ances de gym se d\u00e9roulent dans des espaces modernes et s\u00e9curitaires, encadr\u00e9es par une \u00e9quipe passionn\u00e9e. Ces moments partag\u00e9s avec les pairs encouragent l&rsquo;esprit d&rsquo;\u00e9quipe et aident les enfants \u00e0 d\u00e9velopper des habitudes de vie saines qui perdureront longtemps apr\u00e8s leur passage chez nous.<\/p>\n\n\n\n<p class=\"wp-block-paragraph\">En combinant ces s\u00e9ances stimulantes avec nos repas sant\u00e9 pr\u00e9par\u00e9s sur place, nous offrons un environnement complet o\u00f9 l&rsquo;enfant peut grandir, bouger et apprendre dans un cadre stimulant.<\/p>\n\n\n\n<p class=\"wp-block-paragraph\">Vous souhaitez que votre enfant profite d\u2019un programme qui allie \u00e9ducation et vitalit\u00e9 physique ? Contactez-nous pour visiter la Garderie \u00c9ducative Minimi et d\u00e9couvrir nos installations d\u00e9di\u00e9es \u00e0 l&rsquo;\u00e9panouissement des tout-petits.<\/p>\n\n\n\n<p class=\"wp-block-paragraph translation-block\">Read More: Bilingual Daycare in Laval: Helping Children Learn in Two Languages<\/p>","protected":false},"excerpt":{"rendered":"<p>Les Bienfaits des Activit\u00e9s Physiques en Garderie &#8211;\u00a0Choisir un milieu de vie actif pour votre tout-petit est un investissement dans son bien-\u00eatre futur. \u00c0 la Garderie \u00c9ducative Minimi, nous croyons fermement que le mouvement est essentiel au d\u00e9veloppement global. Au-del\u00e0 du simple jeu libre, nous int\u00e9grons des s\u00e9ances structur\u00e9es pour permettre aux enfants de s\u2019\u00e9panouir [&hellip;]<\/p>\n","protected":false},"author":150964386,"featured_media":7993,"comment_status":"open","ping_status":"open","sticky":false,"template":"","format":"standard","meta":{"_jetpack_newsletter_access":"","_jetpack_dont_email_post_to_subs":false,"_jetpack_newsletter_tier_id":0,"_jetpack_memberships_contains_paywalled_content":false,"_wpcom_ai_launchpad_first_post":false,"_jetpack_feature_clip_id":0,"_jetpack_memberships_contains_paid_content":false,"footnotes":"","jetpack_publicize_message":"{title}\n\n{excerpt}\n\n{url}","jetpack_publicize_feature_enabled":true,"jetpack_social_post_already_shared":true,"jetpack_social_options":{"image_generator_settings":{"template":"highway","default_image_id":0,"font":"","enabled":false},"version":2},"_wpas_customize_per_network":false,"jetpack_post_was_ever_published":false},"categories":[1],"tags":[],"class_list":["post-7990","post","type-post","status-publish","format-standard","has-post-thumbnail","hentry","category-non-categorise"],"yoast_head":"<!-- This site is optimized with the Yoast SEO plugin v28.4 - https:\/\/yoast.com\/product\/yoast-seo-wordpress\/ -->\n<title>Les Bienfaits des Activit\u00e9s Physiques en Garderie - Garderie \u00c9ducative Minimi<\/title>\n<meta name=\"description\" content=\"Activit\u00e9s Physiques en Garderie - Choisir un milieu de vie actif pour votre tout-petit est un investissement dans son bien-\u00eatre futur.\" \/>\n<meta name=\"robots\" content=\"index, follow, max-snippet:-1, max-image-preview:large, max-video-preview:-1\" \/>\n<link rel=\"canonical\" href=\"https:\/\/garderieminimi.com\/en\/2026\/06\/01\/les-bienfaits-des-activites-physiques\/\" \/>\n<meta property=\"og:locale\" content=\"en_US\" \/>\n<meta property=\"og:type\" content=\"article\" \/>\n<meta property=\"og:title\" content=\"Les Bienfaits des Activit\u00e9s Physiques en Garderie - Garderie \u00c9ducative Minimi\" \/>\n<meta property=\"og:description\" content=\"Activit\u00e9s Physiques en Garderie - Choisir un milieu de vie actif pour votre tout-petit est un investissement dans son bien-\u00eatre futur.\" \/>\n<meta property=\"og:url\" content=\"https:\/\/garderieminimi.com\/en\/2026\/06\/01\/les-bienfaits-des-activites-physiques\/\" \/>\n<meta property=\"og:site_name\" content=\"Garderie \u00c9ducative Minimi\" \/>\n<meta property=\"article:published_time\" content=\"2026-06-01T07:42:13+00:00\" \/>\n<meta property=\"article:modified_time\" content=\"2026-06-01T07:42:17+00:00\" \/>\n<meta property=\"og:image\" content=\"https:\/\/garderieminimi.com\/wp-content\/uploads\/2026\/05\/Blog-3-Pic.jpg\" \/>\n\t<meta property=\"og:image:width\" content=\"1200\" \/>\n\t<meta property=\"og:image:height\" content=\"800\" \/>\n\t<meta property=\"og:image:type\" content=\"image\/jpeg\" \/>\n<meta name=\"author\" content=\"Editorial Team\" \/>\n<meta name=\"twitter:card\" content=\"summary_large_image\" \/>\n<meta name=\"twitter:label1\" content=\"Written by\" \/>\n\t<meta name=\"twitter:data1\" content=\"Editorial Team\" \/>\n\t<meta name=\"twitter:label2\" content=\"Est. reading time\" \/>\n\t<meta name=\"twitter:data2\" content=\"2 minutes\" \/>\n<script type=\"application\/ld+json\" class=\"yoast-schema-graph\">{\"@context\":\"https:\\\/\\\/schema.org\",\"@graph\":[{\"@type\":\"Article\",\"@id\":\"https:\\\/\\\/garderieminimi.com\\\/2026\\\/06\\\/01\\\/les-bienfaits-des-activites-physiques\\\/#article\",\"isPartOf\":{\"@id\":\"https:\\\/\\\/garderieminimi.com\\\/2026\\\/06\\\/01\\\/les-bienfaits-des-activites-physiques\\\/\"},\"author\":{\"name\":\"Editorial Team\",\"@id\":\"https:\\\/\\\/garderieminimi.com\\\/#\\\/schema\\\/person\\\/45296f7db63e6a685ca8507fb9e59f5a\"},\"headline\":\"Les Bienfaits des Activit\u00e9s Physiques en Garderie\",\"datePublished\":\"2026-06-01T07:42:13+00:00\",\"dateModified\":\"2026-06-01T07:42:17+00:00\",\"mainEntityOfPage\":{\"@id\":\"https:\\\/\\\/garderieminimi.com\\\/2026\\\/06\\\/01\\\/les-bienfaits-des-activites-physiques\\\/\"},\"wordCount\":357,\"commentCount\":0,\"publisher\":{\"@id\":\"https:\\\/\\\/garderieminimi.com\\\/#organization\"},\"image\":{\"@id\":\"https:\\\/\\\/garderieminimi.com\\\/2026\\\/06\\\/01\\\/les-bienfaits-des-activites-physiques\\\/#primaryimage\"},\"thumbnailUrl\":\"https:\\\/\\\/i0.wp.com\\\/garderieminimi.com\\\/wp-content\\\/uploads\\\/2026\\\/05\\\/Blog-3-Pic.jpg?fit=1200%2C800&ssl=1\",\"articleSection\":[\"Non cat\u00e9goris\u00e9\"],\"inLanguage\":\"en-CA\",\"potentialAction\":[{\"@type\":\"CommentAction\",\"name\":\"Comment\",\"target\":[\"https:\\\/\\\/garderieminimi.com\\\/2026\\\/06\\\/01\\\/les-bienfaits-des-activites-physiques\\\/#respond\"]}]},{\"@type\":\"WebPage\",\"@id\":\"https:\\\/\\\/garderieminimi.com\\\/2026\\\/06\\\/01\\\/les-bienfaits-des-activites-physiques\\\/\",\"url\":\"https:\\\/\\\/garderieminimi.com\\\/2026\\\/06\\\/01\\\/les-bienfaits-des-activites-physiques\\\/\",\"name\":\"Les Bienfaits des Activit\u00e9s Physiques en Garderie - Garderie \u00c9ducative Minimi\",\"isPartOf\":{\"@id\":\"https:\\\/\\\/garderieminimi.com\\\/#website\"},\"primaryImageOfPage\":{\"@id\":\"https:\\\/\\\/garderieminimi.com\\\/2026\\\/06\\\/01\\\/les-bienfaits-des-activites-physiques\\\/#primaryimage\"},\"image\":{\"@id\":\"https:\\\/\\\/garderieminimi.com\\\/2026\\\/06\\\/01\\\/les-bienfaits-des-activites-physiques\\\/#primaryimage\"},\"thumbnailUrl\":\"https:\\\/\\\/i0.wp.com\\\/garderieminimi.com\\\/wp-content\\\/uploads\\\/2026\\\/05\\\/Blog-3-Pic.jpg?fit=1200%2C800&ssl=1\",\"datePublished\":\"2026-06-01T07:42:13+00:00\",\"dateModified\":\"2026-06-01T07:42:17+00:00\",\"description\":\"Activit\u00e9s Physiques en Garderie - Choisir un milieu de vie actif pour votre tout-petit est un investissement dans son bien-\u00eatre futur.\",\"breadcrumb\":{\"@id\":\"https:\\\/\\\/garderieminimi.com\\\/2026\\\/06\\\/01\\\/les-bienfaits-des-activites-physiques\\\/#breadcrumb\"},\"inLanguage\":\"en-CA\",\"potentialAction\":[{\"@type\":\"ReadAction\",\"target\":[\"https:\\\/\\\/garderieminimi.com\\\/2026\\\/06\\\/01\\\/les-bienfaits-des-activites-physiques\\\/\"]}]},{\"@type\":\"ImageObject\",\"inLanguage\":\"en-CA\",\"@id\":\"https:\\\/\\\/garderieminimi.com\\\/2026\\\/06\\\/01\\\/les-bienfaits-des-activites-physiques\\\/#primaryimage\",\"url\":\"https:\\\/\\\/i0.wp.com\\\/garderieminimi.com\\\/wp-content\\\/uploads\\\/2026\\\/05\\\/Blog-3-Pic.jpg?fit=1200%2C800&ssl=1\",\"contentUrl\":\"https:\\\/\\\/i0.wp.com\\\/garderieminimi.com\\\/wp-content\\\/uploads\\\/2026\\\/05\\\/Blog-3-Pic.jpg?fit=1200%2C800&ssl=1\",\"width\":1200,\"height\":800,\"caption\":\"Activit\u00e9s Physiques en Garderie\"},{\"@type\":\"BreadcrumbList\",\"@id\":\"https:\\\/\\\/garderieminimi.com\\\/2026\\\/06\\\/01\\\/les-bienfaits-des-activites-physiques\\\/#breadcrumb\",\"itemListElement\":[{\"@type\":\"ListItem\",\"position\":1,\"name\":\"Home\",\"item\":\"https:\\\/\\\/garderieminimi.com\\\/\"},{\"@type\":\"ListItem\",\"position\":2,\"name\":\"Les Bienfaits des Activit\u00e9s Physiques en Garderie\"}]},{\"@type\":\"WebSite\",\"@id\":\"https:\\\/\\\/garderieminimi.com\\\/#website\",\"url\":\"https:\\\/\\\/garderieminimi.com\\\/\",\"name\":\"Garderie \u00c9ducative Minimi\",\"description\":\"\",\"publisher\":{\"@id\":\"https:\\\/\\\/garderieminimi.com\\\/#organization\"},\"potentialAction\":[{\"@type\":\"SearchAction\",\"target\":{\"@type\":\"EntryPoint\",\"urlTemplate\":\"https:\\\/\\\/garderieminimi.com\\\/?s={search_term_string}\"},\"query-input\":{\"@type\":\"PropertyValueSpecification\",\"valueRequired\":true,\"valueName\":\"search_term_string\"}}],\"inLanguage\":\"en-CA\"},{\"@type\":\"Organization\",\"@id\":\"https:\\\/\\\/garderieminimi.com\\\/#organization\",\"name\":\"Garderie \u00c9ducative Minimi\",\"url\":\"https:\\\/\\\/garderieminimi.com\\\/\",\"logo\":{\"@type\":\"ImageObject\",\"inLanguage\":\"en-CA\",\"@id\":\"https:\\\/\\\/garderieminimi.com\\\/#\\\/schema\\\/logo\\\/image\\\/\",\"url\":\"https:\\\/\\\/i0.wp.com\\\/garderieminimi.com\\\/wp-content\\\/uploads\\\/2026\\\/05\\\/Website-GEM-Logo-Final-e1779813092159.jpg?fit=2188%2C394&ssl=1\",\"contentUrl\":\"https:\\\/\\\/i0.wp.com\\\/garderieminimi.com\\\/wp-content\\\/uploads\\\/2026\\\/05\\\/Website-GEM-Logo-Final-e1779813092159.jpg?fit=2188%2C394&ssl=1\",\"width\":2188,\"height\":394,\"caption\":\"Garderie \u00c9ducative Minimi\"},\"image\":{\"@id\":\"https:\\\/\\\/garderieminimi.com\\\/#\\\/schema\\\/logo\\\/image\\\/\"}},{\"@type\":\"Person\",\"@id\":\"https:\\\/\\\/garderieminimi.com\\\/#\\\/schema\\\/person\\\/45296f7db63e6a685ca8507fb9e59f5a\",\"name\":\"Editorial Team\",\"image\":{\"@type\":\"ImageObject\",\"inLanguage\":\"en-CA\",\"@id\":\"https:\\\/\\\/secure.gravatar.com\\\/avatar\\\/a16f5c2b2b58eeb6a851bd29b2985ff3b4cef250cf86bd8b02503c11f84aeeb3?s=96&d=mm&r=g\",\"url\":\"https:\\\/\\\/secure.gravatar.com\\\/avatar\\\/a16f5c2b2b58eeb6a851bd29b2985ff3b4cef250cf86bd8b02503c11f84aeeb3?s=96&d=mm&r=g\",\"contentUrl\":\"https:\\\/\\\/secure.gravatar.com\\\/avatar\\\/a16f5c2b2b58eeb6a851bd29b2985ff3b4cef250cf86bd8b02503c11f84aeeb3?s=96&d=mm&r=g\",\"caption\":\"Editorial Team\"},\"url\":\"https:\\\/\\\/garderieminimi.com\\\/en\\\/author\\\/sharkscreators\\\/\"}]}<\/script>\n<!-- \/ Yoast SEO plugin. -->","yoast_head_json":{"title":"Les Bienfaits des Activit\u00e9s Physiques en Garderie - Garderie \u00c9ducative Minimi","description":"Activit\u00e9s Physiques en Garderie - Choisir un milieu de vie actif pour votre tout-petit est un investissement dans son bien-\u00eatre futur.","robots":{"index":"index","follow":"follow","max-snippet":"max-snippet:-1","max-image-preview":"max-image-preview:large","max-video-preview":"max-video-preview:-1"},"canonical":"https:\/\/garderieminimi.com\/en\/2026\/06\/01\/les-bienfaits-des-activites-physiques\/","og_locale":"en_US","og_type":"article","og_title":"Les Bienfaits des Activit\u00e9s Physiques en Garderie - Garderie \u00c9ducative Minimi","og_description":"Activit\u00e9s Physiques en Garderie - Choisir un milieu de vie actif pour votre tout-petit est un investissement dans son bien-\u00eatre futur.","og_url":"https:\/\/garderieminimi.com\/en\/2026\/06\/01\/les-bienfaits-des-activites-physiques\/","og_site_name":"Garderie \u00c9ducative Minimi","article_published_time":"2026-06-01T07:42:13+00:00","article_modified_time":"2026-06-01T07:42:17+00:00","og_image":[{"width":1200,"height":800,"url":"https:\/\/garderieminimi.com\/wp-content\/uploads\/2026\/05\/Blog-3-Pic.jpg","type":"image\/jpeg"}],"author":"Editorial Team","twitter_card":"summary_large_image","twitter_misc":{"Written by":"Editorial Team","Est. reading time":"2 minutes"},"schema":{"@context":"https:\/\/schema.org","@graph":[{"@type":"Article","@id":"https:\/\/garderieminimi.com\/2026\/06\/01\/les-bienfaits-des-activites-physiques\/#article","isPartOf":{"@id":"https:\/\/garderieminimi.com\/2026\/06\/01\/les-bienfaits-des-activites-physiques\/"},"author":{"name":"Editorial Team","@id":"https:\/\/garderieminimi.com\/#\/schema\/person\/45296f7db63e6a685ca8507fb9e59f5a"},"headline":"Les Bienfaits des Activit\u00e9s Physiques en Garderie","datePublished":"2026-06-01T07:42:13+00:00","dateModified":"2026-06-01T07:42:17+00:00","mainEntityOfPage":{"@id":"https:\/\/garderieminimi.com\/2026\/06\/01\/les-bienfaits-des-activites-physiques\/"},"wordCount":357,"commentCount":0,"publisher":{"@id":"https:\/\/garderieminimi.com\/#organization"},"image":{"@id":"https:\/\/garderieminimi.com\/2026\/06\/01\/les-bienfaits-des-activites-physiques\/#primaryimage"},"thumbnailUrl":"https:\/\/i0.wp.com\/garderieminimi.com\/wp-content\/uploads\/2026\/05\/Blog-3-Pic.jpg?fit=1200%2C800&ssl=1","articleSection":["Non cat\u00e9goris\u00e9"],"inLanguage":"en-CA","potentialAction":[{"@type":"CommentAction","name":"Comment","target":["https:\/\/garderieminimi.com\/2026\/06\/01\/les-bienfaits-des-activites-physiques\/#respond"]}]},{"@type":"WebPage","@id":"https:\/\/garderieminimi.com\/2026\/06\/01\/les-bienfaits-des-activites-physiques\/","url":"https:\/\/garderieminimi.com\/2026\/06\/01\/les-bienfaits-des-activites-physiques\/","name":"Les Bienfaits des Activit\u00e9s Physiques en Garderie - Garderie \u00c9ducative Minimi","isPartOf":{"@id":"https:\/\/garderieminimi.com\/#website"},"primaryImageOfPage":{"@id":"https:\/\/garderieminimi.com\/2026\/06\/01\/les-bienfaits-des-activites-physiques\/#primaryimage"},"image":{"@id":"https:\/\/garderieminimi.com\/2026\/06\/01\/les-bienfaits-des-activites-physiques\/#primaryimage"},"thumbnailUrl":"https:\/\/i0.wp.com\/garderieminimi.com\/wp-content\/uploads\/2026\/05\/Blog-3-Pic.jpg?fit=1200%2C800&ssl=1","datePublished":"2026-06-01T07:42:13+00:00","dateModified":"2026-06-01T07:42:17+00:00","description":"Activit\u00e9s Physiques en Garderie - Choisir un milieu de vie actif pour votre tout-petit est un investissement dans son bien-\u00eatre futur.","breadcrumb":{"@id":"https:\/\/garderieminimi.com\/2026\/06\/01\/les-bienfaits-des-activites-physiques\/#breadcrumb"},"inLanguage":"en-CA","potentialAction":[{"@type":"ReadAction","target":["https:\/\/garderieminimi.com\/2026\/06\/01\/les-bienfaits-des-activites-physiques\/"]}]},{"@type":"ImageObject","inLanguage":"en-CA","@id":"https:\/\/garderieminimi.com\/2026\/06\/01\/les-bienfaits-des-activites-physiques\/#primaryimage","url":"https:\/\/i0.wp.com\/garderieminimi.com\/wp-content\/uploads\/2026\/05\/Blog-3-Pic.jpg?fit=1200%2C800&ssl=1","contentUrl":"https:\/\/i0.wp.com\/garderieminimi.com\/wp-content\/uploads\/2026\/05\/Blog-3-Pic.jpg?fit=1200%2C800&ssl=1","width":1200,"height":800,"caption":"Activit\u00e9s Physiques en Garderie"},{"@type":"BreadcrumbList","@id":"https:\/\/garderieminimi.com\/2026\/06\/01\/les-bienfaits-des-activites-physiques\/#breadcrumb","itemListElement":[{"@type":"ListItem","position":1,"name":"Home","item":"https:\/\/garderieminimi.com\/"},{"@type":"ListItem","position":2,"name":"Les Bienfaits des Activit\u00e9s Physiques en Garderie"}]},{"@type":"WebSite","@id":"https:\/\/garderieminimi.com\/#website","url":"https:\/\/garderieminimi.com\/","name":"Garderie \u00c9ducative Minimi","description":"","publisher":{"@id":"https:\/\/garderieminimi.com\/#organization"},"potentialAction":[{"@type":"SearchAction","target":{"@type":"EntryPoint","urlTemplate":"https:\/\/garderieminimi.com\/?s={search_term_string}"},"query-input":{"@type":"PropertyValueSpecification","valueRequired":true,"valueName":"search_term_string"}}],"inLanguage":"en-CA"},{"@type":"Organization","@id":"https:\/\/garderieminimi.com\/#organization","name":"Garderie \u00c9ducative Minimi","url":"https:\/\/garderieminimi.com\/","logo":{"@type":"ImageObject","inLanguage":"en-CA","@id":"https:\/\/garderieminimi.com\/#\/schema\/logo\/image\/","url":"https:\/\/i0.wp.com\/garderieminimi.com\/wp-content\/uploads\/2026\/05\/Website-GEM-Logo-Final-e1779813092159.jpg?fit=2188%2C394&ssl=1","contentUrl":"https:\/\/i0.wp.com\/garderieminimi.com\/wp-content\/uploads\/2026\/05\/Website-GEM-Logo-Final-e1779813092159.jpg?fit=2188%2C394&ssl=1","width":2188,"height":394,"caption":"Garderie \u00c9ducative Minimi"},"image":{"@id":"https:\/\/garderieminimi.com\/#\/schema\/logo\/image\/"}},{"@type":"Person","@id":"https:\/\/garderieminimi.com\/#\/schema\/person\/45296f7db63e6a685ca8507fb9e59f5a","name":"Editorial Team","image":{"@type":"ImageObject","inLanguage":"en-CA","@id":"https:\/\/secure.gravatar.com\/avatar\/a16f5c2b2b58eeb6a851bd29b2985ff3b4cef250cf86bd8b02503c11f84aeeb3?s=96&d=mm&r=g","url":"https:\/\/secure.gravatar.com\/avatar\/a16f5c2b2b58eeb6a851bd29b2985ff3b4cef250cf86bd8b02503c11f84aeeb3?s=96&d=mm&r=g","contentUrl":"https:\/\/secure.gravatar.com\/avatar\/a16f5c2b2b58eeb6a851bd29b2985ff3b4cef250cf86bd8b02503c11f84aeeb3?s=96&d=mm&r=g","caption":"Editorial Team"},"url":"https:\/\/garderieminimi.com\/en\/author\/sharkscreators\/"}]}},"jetpack_publicize_connections":[],"jetpack_likes_enabled":false,"jetpack_sharing_enabled":true,"jetpack_shortlink":"https:\/\/wp.me\/phenPN-24S","jetpack-related-posts":[{"id":7391,"url":"https:\/\/garderieminimi.com\/en\/2026\/05\/06\/garderie-poupon-laval\/","url_meta":{"origin":7990,"position":0},"title":"Garderie poupon \u00e0 Laval : le meilleur d\u00e9part \u00e0 votre b\u00e9b\u00e9","author":"Editorial Team","date":"May 6, 2026","format":false,"excerpt":"Choisir la bonne garderie pour votre b\u00e9b\u00e9 est l\u2019une des d\u00e9cisions les plus importantes que les parents doivent prendre. Si vous recherchez une\u00a0garderie poupon Laval, vous souhaitez trouver un environnement s\u00e9curitaire, attentionn\u00e9 et stimulant o\u00f9 votre enfant pourra grandir et s\u2019\u00e9panouir d\u00e8s ses premi\u00e8res ann\u00e9es. Pourquoi choisir une garderie poupon\u2026","rel":"","context":"In &quot;Garderie Poupon&quot;","block_context":{"text":"Garderie Poupon","link":"https:\/\/garderieminimi.com\/en\/category\/garderie-poupon\/"},"img":{"alt_text":"Garderie poupon Laval","src":"https:\/\/i0.wp.com\/garderieminimi.com\/wp-content\/uploads\/2026\/05\/blog-1.jpg?fit=1200%2C800&ssl=1&resize=350%2C200","width":350,"height":200,"srcset":"https:\/\/i0.wp.com\/garderieminimi.com\/wp-content\/uploads\/2026\/05\/blog-1.jpg?fit=1200%2C800&ssl=1&resize=350%2C200 1x, https:\/\/i0.wp.com\/garderieminimi.com\/wp-content\/uploads\/2026\/05\/blog-1.jpg?fit=1200%2C800&ssl=1&resize=525%2C300 1.5x, https:\/\/i0.wp.com\/garderieminimi.com\/wp-content\/uploads\/2026\/05\/blog-1.jpg?fit=1200%2C800&ssl=1&resize=700%2C400 2x, https:\/\/i0.wp.com\/garderieminimi.com\/wp-content\/uploads\/2026\/05\/blog-1.jpg?fit=1200%2C800&ssl=1&resize=1050%2C600 3x"},"classes":[]},{"id":7450,"url":"https:\/\/garderieminimi.com\/en\/2026\/05\/07\/garderie-bilingue-a-laval\/","url_meta":{"origin":7990,"position":1},"title":"Bilingual Daycare in Laval: Helping Children Learn in Two Languages","author":"Editorial Team","date":"May 7, 2026","format":false,"excerpt":"Trouver la bonne garderie est une \u00e9tape importante pour chaque famille. De nombreux parents recherchent un environnement o\u00f9 leurs enfants peuvent d\u00e9velopper leurs comp\u00e9tences linguistiques, leur confiance et leurs aptitudes sociales d\u00e8s le plus jeune \u00e2ge. Les avantages de l\u2019\u00e9ducation bilingue d\u00e8s la petite enfance Inscrire votre enfant dans une\u2026","rel":"","context":"In &quot;Non cat\u00e9goris\u00e9&quot;","block_context":{"text":"Non cat\u00e9goris\u00e9","link":"https:\/\/garderieminimi.com\/en\/category\/non-categorise\/"},"img":{"alt_text":"Bilingual Daycare in Laval","src":"https:\/\/i0.wp.com\/garderieminimi.com\/wp-content\/uploads\/2026\/05\/Blog-2-Pic.jpg?fit=1200%2C800&ssl=1&resize=350%2C200","width":350,"height":200,"srcset":"https:\/\/i0.wp.com\/garderieminimi.com\/wp-content\/uploads\/2026\/05\/Blog-2-Pic.jpg?fit=1200%2C800&ssl=1&resize=350%2C200 1x, https:\/\/i0.wp.com\/garderieminimi.com\/wp-content\/uploads\/2026\/05\/Blog-2-Pic.jpg?fit=1200%2C800&ssl=1&resize=525%2C300 1.5x, https:\/\/i0.wp.com\/garderieminimi.com\/wp-content\/uploads\/2026\/05\/Blog-2-Pic.jpg?fit=1200%2C800&ssl=1&resize=700%2C400 2x, https:\/\/i0.wp.com\/garderieminimi.com\/wp-content\/uploads\/2026\/05\/Blog-2-Pic.jpg?fit=1200%2C800&ssl=1&resize=1050%2C600 3x"},"classes":[]}],"jetpack_featured_media_url":"https:\/\/i0.wp.com\/garderieminimi.com\/wp-content\/uploads\/2026\/05\/Blog-3-Pic.jpg?fit=1200%2C800&ssl=1","_links":{"self":[{"href":"https:\/\/garderieminimi.com\/en\/wp-json\/wp\/v2\/posts\/7990","targetHints":{"allow":["GET"]}}],"collection":[{"href":"https:\/\/garderieminimi.com\/en\/wp-json\/wp\/v2\/posts"}],"about":[{"href":"https:\/\/garderieminimi.com\/en\/wp-json\/wp\/v2\/types\/post"}],"author":[{"embeddable":true,"href":"https:\/\/garderieminimi.com\/en\/wp-json\/wp\/v2\/users\/150964386"}],"replies":[{"embeddable":true,"href":"https:\/\/garderieminimi.com\/en\/wp-json\/wp\/v2\/comments?post=7990"}],"version-history":[{"count":5,"href":"https:\/\/garderieminimi.com\/en\/wp-json\/wp\/v2\/posts\/7990\/revisions"}],"predecessor-version":[{"id":7996,"href":"https:\/\/garderieminimi.com\/en\/wp-json\/wp\/v2\/posts\/7990\/revisions\/7996"}],"wp:featuredmedia":[{"embeddable":true,"href":"https:\/\/garderieminimi.com\/en\/wp-json\/wp\/v2\/media\/7993"}],"wp:attachment":[{"href":"https:\/\/garderieminimi.com\/en\/wp-json\/wp\/v2\/media?parent=7990"}],"wp:term":[{"taxonomy":"category","embeddable":true,"href":"https:\/\/garderieminimi.com\/en\/wp-json\/wp\/v2\/categories?post=7990"},{"taxonomy":"post_tag","embeddable":true,"href":"https:\/\/garderieminimi.com\/en\/wp-json\/wp\/v2\/tags?post=7990"}],"curies":[{"name":"wp","href":"https:\/\/api.w.org\/{rel}","templated":true}]}}