{"id":7450,"date":"2026-05-07T10:40:54","date_gmt":"2026-05-07T10:40:54","guid":{"rendered":"https:\/\/garderieminimi.com\/?p=7450"},"modified":"2026-05-29T09:04:34","modified_gmt":"2026-05-29T09:04:34","slug":"bilingual-daycare-in-laval","status":"publish","type":"post","link":"https:\/\/garderieminimi.com\/en\/2026\/05\/07\/garderie-bilingue-a-laval\/","title":{"rendered":"Bilingual Daycare in Laval: Helping Children Learn in Two Languages"},"content":{"rendered":"<div data-elementor-type=\"wp-post\" data-elementor-id=\"7450\" class=\"elementor elementor-7450\">\n\t\t\t\t<div class=\"elementor-element elementor-element-6967d98c e-flex e-con-boxed e-con e-parent\" data-id=\"6967d98c\" data-element_type=\"container\" data-e-type=\"container\">\n\t\t\t\t\t<div class=\"e-con-inner\">\n\t\t\t\t<div class=\"elementor-element elementor-element-77bb03ec elementor-widget elementor-widget-text-editor\" data-id=\"77bb03ec\" data-element_type=\"widget\" data-e-type=\"widget\" data-widget_type=\"text-editor.default\">\n\t\t\t\t\t\t\t\t\t\n<p class=\"wp-block-paragraph\">Finding the right daycare is an important step for every family. A lot of parents search for an environment where their children can develop language skills, confidence, and social abilities from an early age.<\/p>\n\n<p class=\"wp-block-paragraph\"><strong>Benefits of Early Bilingual Education<\/strong><\/p>\n\n<p class=\"wp-block-paragraph\">Enrolling your child in a bilingual daycare in Laval can provide long-term advantages. Young children absorb languages quickly, making early childhood the perfect time to introduce bilingual learning.<\/p>\n\n<p class=\"wp-block-paragraph\">Beyond language development, children also improve social interaction, listening skills, and cultural awareness. They become more confident communicating with different people and adapting to new environments.<\/p>\n\n<p class=\"wp-block-paragraph\">For many families in Laval, a bilingual daycare is an investment in both education and future opportunities for their children.<\/p>\n\n<p class=\"wp-block-paragraph\"><strong>What Parents Should Look For<\/strong><\/p>\n\n<p class=\"wp-block-paragraph\">At Garderie \u00c9ducative Minimi, we are proud to offer all what parents need for their chilren: safety, cleanliness, and qualified educators. Experienced staff can create a warm and supportive atmosphere where children feel comfortable learning and interacting with others.<\/p>\n\n<p class=\"wp-block-paragraph\"><strong>Why Choose a Bilingual Daycare in Laval?<\/strong><\/p>\n\n<p class=\"wp-block-paragraph\">A quality bilingual daycare in Laval gives children the opportunity to learn both English and French naturally through daily interaction. Early exposure to two languages can help improve communication skills, memory, and cognitive development.<\/p>\n\n<p class=\"wp-block-paragraph\">In a multicultural city like Laval, bilingual education is highly valued. Children who grow up in a bilingual environment often adapt more easily in school and future social settings. Our educators use songs, games, storytelling, and conversation to encourage language learning in a fun and engaging way.<\/p>\n\n<p class=\"wp-block-paragraph\">Read More: <a href=\"https:\/\/garderieminimi.com\/en\/2026\/05\/06\/garderie-poupon-laval\/\">Infant Daycare at Laval: Finding the Best Start for Your Baby<\/a><\/p>\n\t\t\t\t\t\t\t\t<\/div>\n\t\t\t\t\t<\/div>\n\t\t\t\t<\/div>\n\t\t\t\t<\/div>","protected":false},"excerpt":{"rendered":"<p>Trouver la bonne garderie est une \u00e9tape importante pour chaque famille. De nombreux parents recherchent un environnement o\u00f9 leurs enfants peuvent d\u00e9velopper leurs comp\u00e9tences linguistiques, leur confiance et leurs aptitudes sociales d\u00e8s le plus jeune \u00e2ge. Les avantages de l\u2019\u00e9ducation bilingue d\u00e8s la petite enfance Inscrire votre enfant dans une garderie bilingue \u00e0 Laval peut [&hellip;]<\/p>\n","protected":false},"author":150964386,"featured_media":7453,"comment_status":"closed","ping_status":"open","sticky":false,"template":"","format":"standard","meta":{"_jetpack_newsletter_access":"","_jetpack_dont_email_post_to_subs":false,"_jetpack_newsletter_tier_id":0,"_jetpack_memberships_contains_paywalled_content":false,"_wpcom_ai_launchpad_first_post":false,"_jetpack_feature_clip_id":0,"_jetpack_memberships_contains_paid_content":false,"footnotes":"","jetpack_publicize_message":"{title}\n\n{excerpt}\n\n{url}","jetpack_publicize_feature_enabled":true,"jetpack_social_post_already_shared":true,"jetpack_social_options":{"image_generator_settings":{"template":"highway","default_image_id":0,"font":"","enabled":false},"version":2},"_wpas_customize_per_network":false,"jetpack_post_was_ever_published":false},"categories":[1],"tags":[],"class_list":["post-7450","post","type-post","status-publish","format-standard","has-post-thumbnail","hentry","category-non-categorise"],"yoast_head":"<!-- This site is optimized with the Yoast SEO plugin v28.4 - https:\/\/yoast.com\/product\/yoast-seo-wordpress\/ -->\n<title>Bilingual Daycare in Laval - Garderie \u00c9ducative Minimi<\/title>\n<meta name=\"description\" content=\"Garderie bilingue \u00e0 Laval \u2013 Favorisez l\u2019apprentissage de l\u2019anglais et du fran\u00e7ais chez vos enfants. D\u00e9couvrez les avantages de notre programme\" \/>\n<meta name=\"robots\" content=\"index, follow, max-snippet:-1, max-image-preview:large, max-video-preview:-1\" \/>\n<link rel=\"canonical\" href=\"https:\/\/garderieminimi.com\/en\/2026\/05\/07\/bilingual-daycare-in-laval\/\" \/>\n<meta property=\"og:locale\" content=\"en_US\" \/>\n<meta property=\"og:type\" content=\"article\" \/>\n<meta property=\"og:title\" content=\"Bilingual Daycare in Laval - Garderie \u00c9ducative Minimi\" \/>\n<meta property=\"og:description\" content=\"Garderie bilingue \u00e0 Laval \u2013 Favorisez l\u2019apprentissage de l\u2019anglais et du fran\u00e7ais chez vos enfants. D\u00e9couvrez les avantages de notre programme\" \/>\n<meta property=\"og:url\" content=\"https:\/\/garderieminimi.com\/en\/2026\/05\/07\/bilingual-daycare-in-laval\/\" \/>\n<meta property=\"og:site_name\" content=\"Garderie \u00c9ducative Minimi\" \/>\n<meta property=\"article:published_time\" content=\"2026-05-07T10:40:54+00:00\" \/>\n<meta property=\"article:modified_time\" content=\"2026-05-29T09:04:34+00:00\" \/>\n<meta property=\"og:image\" content=\"https:\/\/garderieminimi.com\/wp-content\/uploads\/2026\/05\/Blog-2-Pic.jpg\" \/>\n\t<meta property=\"og:image:width\" content=\"1200\" \/>\n\t<meta property=\"og:image:height\" content=\"800\" \/>\n\t<meta property=\"og:image:type\" content=\"image\/jpeg\" \/>\n<meta name=\"author\" content=\"Editorial Team\" \/>\n<meta name=\"twitter:card\" content=\"summary_large_image\" \/>\n<meta name=\"twitter:label1\" content=\"Written by\" \/>\n\t<meta name=\"twitter:data1\" content=\"Editorial Team\" \/>\n\t<meta name=\"twitter:label2\" content=\"Est. reading time\" \/>\n\t<meta name=\"twitter:data2\" content=\"2 minutes\" \/>\n<script type=\"application\/ld+json\" class=\"yoast-schema-graph\">{\"@context\":\"https:\\\/\\\/schema.org\",\"@graph\":[{\"@type\":\"Article\",\"@id\":\"https:\\\/\\\/garderieminimi.com\\\/2026\\\/05\\\/07\\\/garderie-bilingue-a-laval\\\/#article\",\"isPartOf\":{\"@id\":\"https:\\\/\\\/garderieminimi.com\\\/2026\\\/05\\\/07\\\/garderie-bilingue-a-laval\\\/\"},\"author\":{\"name\":\"Editorial Team\",\"@id\":\"https:\\\/\\\/garderieminimi.com\\\/#\\\/schema\\\/person\\\/45296f7db63e6a685ca8507fb9e59f5a\"},\"headline\":\"Garderie bilingue \u00e0 Laval : aider les enfants \u00e0 apprendre dans deux langues\",\"datePublished\":\"2026-05-07T10:40:54+00:00\",\"dateModified\":\"2026-05-29T09:04:34+00:00\",\"mainEntityOfPage\":{\"@id\":\"https:\\\/\\\/garderieminimi.com\\\/2026\\\/05\\\/07\\\/garderie-bilingue-a-laval\\\/\"},\"wordCount\":342,\"publisher\":{\"@id\":\"https:\\\/\\\/garderieminimi.com\\\/#organization\"},\"image\":{\"@id\":\"https:\\\/\\\/garderieminimi.com\\\/2026\\\/05\\\/07\\\/garderie-bilingue-a-laval\\\/#primaryimage\"},\"thumbnailUrl\":\"https:\\\/\\\/i0.wp.com\\\/garderieminimi.com\\\/wp-content\\\/uploads\\\/2026\\\/05\\\/Blog-2-Pic.jpg?fit=1200%2C800&ssl=1\",\"articleSection\":[\"Non cat\u00e9goris\u00e9\"],\"inLanguage\":\"en-CA\"},{\"@type\":\"WebPage\",\"@id\":\"https:\\\/\\\/garderieminimi.com\\\/2026\\\/05\\\/07\\\/garderie-bilingue-a-laval\\\/\",\"url\":\"https:\\\/\\\/garderieminimi.com\\\/2026\\\/05\\\/07\\\/garderie-bilingue-a-laval\\\/\",\"name\":\"Bilingual Daycare in Laval - Garderie \u00c9ducative Minimi\",\"isPartOf\":{\"@id\":\"https:\\\/\\\/garderieminimi.com\\\/#website\"},\"primaryImageOfPage\":{\"@id\":\"https:\\\/\\\/garderieminimi.com\\\/2026\\\/05\\\/07\\\/garderie-bilingue-a-laval\\\/#primaryimage\"},\"image\":{\"@id\":\"https:\\\/\\\/garderieminimi.com\\\/2026\\\/05\\\/07\\\/garderie-bilingue-a-laval\\\/#primaryimage\"},\"thumbnailUrl\":\"https:\\\/\\\/i0.wp.com\\\/garderieminimi.com\\\/wp-content\\\/uploads\\\/2026\\\/05\\\/Blog-2-Pic.jpg?fit=1200%2C800&ssl=1\",\"datePublished\":\"2026-05-07T10:40:54+00:00\",\"dateModified\":\"2026-05-29T09:04:34+00:00\",\"description\":\"Garderie bilingue \u00e0 Laval \u2013 Favorisez l\u2019apprentissage de l\u2019anglais et du fran\u00e7ais chez vos enfants. D\u00e9couvrez les avantages de notre programme\",\"breadcrumb\":{\"@id\":\"https:\\\/\\\/garderieminimi.com\\\/2026\\\/05\\\/07\\\/garderie-bilingue-a-laval\\\/#breadcrumb\"},\"inLanguage\":\"en-CA\",\"potentialAction\":[{\"@type\":\"ReadAction\",\"target\":[\"https:\\\/\\\/garderieminimi.com\\\/2026\\\/05\\\/07\\\/garderie-bilingue-a-laval\\\/\"]}]},{\"@type\":\"ImageObject\",\"inLanguage\":\"en-CA\",\"@id\":\"https:\\\/\\\/garderieminimi.com\\\/2026\\\/05\\\/07\\\/garderie-bilingue-a-laval\\\/#primaryimage\",\"url\":\"https:\\\/\\\/i0.wp.com\\\/garderieminimi.com\\\/wp-content\\\/uploads\\\/2026\\\/05\\\/Blog-2-Pic.jpg?fit=1200%2C800&ssl=1\",\"contentUrl\":\"https:\\\/\\\/i0.wp.com\\\/garderieminimi.com\\\/wp-content\\\/uploads\\\/2026\\\/05\\\/Blog-2-Pic.jpg?fit=1200%2C800&ssl=1\",\"width\":1200,\"height\":800,\"caption\":\"Bilingual Daycare in Laval\"},{\"@type\":\"BreadcrumbList\",\"@id\":\"https:\\\/\\\/garderieminimi.com\\\/2026\\\/05\\\/07\\\/garderie-bilingue-a-laval\\\/#breadcrumb\",\"itemListElement\":[{\"@type\":\"ListItem\",\"position\":1,\"name\":\"Home\",\"item\":\"https:\\\/\\\/garderieminimi.com\\\/\"},{\"@type\":\"ListItem\",\"position\":2,\"name\":\"Garderie bilingue \u00e0 Laval : aider les enfants \u00e0 apprendre dans deux langues\"}]},{\"@type\":\"WebSite\",\"@id\":\"https:\\\/\\\/garderieminimi.com\\\/#website\",\"url\":\"https:\\\/\\\/garderieminimi.com\\\/\",\"name\":\"Garderie \u00c9ducative Minimi\",\"description\":\"\",\"publisher\":{\"@id\":\"https:\\\/\\\/garderieminimi.com\\\/#organization\"},\"potentialAction\":[{\"@type\":\"SearchAction\",\"target\":{\"@type\":\"EntryPoint\",\"urlTemplate\":\"https:\\\/\\\/garderieminimi.com\\\/?s={search_term_string}\"},\"query-input\":{\"@type\":\"PropertyValueSpecification\",\"valueRequired\":true,\"valueName\":\"search_term_string\"}}],\"inLanguage\":\"en-CA\"},{\"@type\":\"Organization\",\"@id\":\"https:\\\/\\\/garderieminimi.com\\\/#organization\",\"name\":\"Garderie \u00c9ducative Minimi\",\"url\":\"https:\\\/\\\/garderieminimi.com\\\/\",\"logo\":{\"@type\":\"ImageObject\",\"inLanguage\":\"en-CA\",\"@id\":\"https:\\\/\\\/garderieminimi.com\\\/#\\\/schema\\\/logo\\\/image\\\/\",\"url\":\"https:\\\/\\\/i0.wp.com\\\/garderieminimi.com\\\/wp-content\\\/uploads\\\/2026\\\/05\\\/Website-GEM-Logo-Final-e1779813092159.jpg?fit=2188%2C394&ssl=1\",\"contentUrl\":\"https:\\\/\\\/i0.wp.com\\\/garderieminimi.com\\\/wp-content\\\/uploads\\\/2026\\\/05\\\/Website-GEM-Logo-Final-e1779813092159.jpg?fit=2188%2C394&ssl=1\",\"width\":2188,\"height\":394,\"caption\":\"Garderie \u00c9ducative Minimi\"},\"image\":{\"@id\":\"https:\\\/\\\/garderieminimi.com\\\/#\\\/schema\\\/logo\\\/image\\\/\"}},{\"@type\":\"Person\",\"@id\":\"https:\\\/\\\/garderieminimi.com\\\/#\\\/schema\\\/person\\\/45296f7db63e6a685ca8507fb9e59f5a\",\"name\":\"Editorial Team\",\"image\":{\"@type\":\"ImageObject\",\"inLanguage\":\"en-CA\",\"@id\":\"https:\\\/\\\/secure.gravatar.com\\\/avatar\\\/a16f5c2b2b58eeb6a851bd29b2985ff3b4cef250cf86bd8b02503c11f84aeeb3?s=96&d=mm&r=g\",\"url\":\"https:\\\/\\\/secure.gravatar.com\\\/avatar\\\/a16f5c2b2b58eeb6a851bd29b2985ff3b4cef250cf86bd8b02503c11f84aeeb3?s=96&d=mm&r=g\",\"contentUrl\":\"https:\\\/\\\/secure.gravatar.com\\\/avatar\\\/a16f5c2b2b58eeb6a851bd29b2985ff3b4cef250cf86bd8b02503c11f84aeeb3?s=96&d=mm&r=g\",\"caption\":\"Editorial Team\"},\"url\":\"https:\\\/\\\/garderieminimi.com\\\/en\\\/author\\\/sharkscreators\\\/\"}]}<\/script>\n<!-- \/ Yoast SEO plugin. -->","yoast_head_json":{"title":"Bilingual Daycare in Laval - Garderie \u00c9ducative Minimi","description":"Garderie bilingue \u00e0 Laval \u2013 Favorisez l\u2019apprentissage de l\u2019anglais et du fran\u00e7ais chez vos enfants. D\u00e9couvrez les avantages de notre programme","robots":{"index":"index","follow":"follow","max-snippet":"max-snippet:-1","max-image-preview":"max-image-preview:large","max-video-preview":"max-video-preview:-1"},"canonical":"https:\/\/garderieminimi.com\/en\/2026\/05\/07\/bilingual-daycare-in-laval\/","og_locale":"en_US","og_type":"article","og_title":"Bilingual Daycare in Laval - Garderie \u00c9ducative Minimi","og_description":"Garderie bilingue \u00e0 Laval \u2013 Favorisez l\u2019apprentissage de l\u2019anglais et du fran\u00e7ais chez vos enfants. D\u00e9couvrez les avantages de notre programme","og_url":"https:\/\/garderieminimi.com\/en\/2026\/05\/07\/bilingual-daycare-in-laval\/","og_site_name":"Garderie \u00c9ducative Minimi","article_published_time":"2026-05-07T10:40:54+00:00","article_modified_time":"2026-05-29T09:04:34+00:00","og_image":[{"width":1200,"height":800,"url":"https:\/\/garderieminimi.com\/wp-content\/uploads\/2026\/05\/Blog-2-Pic.jpg","type":"image\/jpeg"}],"author":"Editorial Team","twitter_card":"summary_large_image","twitter_misc":{"Written by":"Editorial Team","Est. reading time":"2 minutes"},"schema":{"@context":"https:\/\/schema.org","@graph":[{"@type":"Article","@id":"https:\/\/garderieminimi.com\/2026\/05\/07\/garderie-bilingue-a-laval\/#article","isPartOf":{"@id":"https:\/\/garderieminimi.com\/2026\/05\/07\/garderie-bilingue-a-laval\/"},"author":{"name":"Editorial Team","@id":"https:\/\/garderieminimi.com\/#\/schema\/person\/45296f7db63e6a685ca8507fb9e59f5a"},"headline":"Garderie bilingue \u00e0 Laval : aider les enfants \u00e0 apprendre dans deux langues","datePublished":"2026-05-07T10:40:54+00:00","dateModified":"2026-05-29T09:04:34+00:00","mainEntityOfPage":{"@id":"https:\/\/garderieminimi.com\/2026\/05\/07\/garderie-bilingue-a-laval\/"},"wordCount":342,"publisher":{"@id":"https:\/\/garderieminimi.com\/#organization"},"image":{"@id":"https:\/\/garderieminimi.com\/2026\/05\/07\/garderie-bilingue-a-laval\/#primaryimage"},"thumbnailUrl":"https:\/\/i0.wp.com\/garderieminimi.com\/wp-content\/uploads\/2026\/05\/Blog-2-Pic.jpg?fit=1200%2C800&ssl=1","articleSection":["Non cat\u00e9goris\u00e9"],"inLanguage":"en-CA"},{"@type":"WebPage","@id":"https:\/\/garderieminimi.com\/2026\/05\/07\/garderie-bilingue-a-laval\/","url":"https:\/\/garderieminimi.com\/2026\/05\/07\/garderie-bilingue-a-laval\/","name":"Bilingual Daycare in Laval - Garderie \u00c9ducative Minimi","isPartOf":{"@id":"https:\/\/garderieminimi.com\/#website"},"primaryImageOfPage":{"@id":"https:\/\/garderieminimi.com\/2026\/05\/07\/garderie-bilingue-a-laval\/#primaryimage"},"image":{"@id":"https:\/\/garderieminimi.com\/2026\/05\/07\/garderie-bilingue-a-laval\/#primaryimage"},"thumbnailUrl":"https:\/\/i0.wp.com\/garderieminimi.com\/wp-content\/uploads\/2026\/05\/Blog-2-Pic.jpg?fit=1200%2C800&ssl=1","datePublished":"2026-05-07T10:40:54+00:00","dateModified":"2026-05-29T09:04:34+00:00","description":"Garderie bilingue \u00e0 Laval \u2013 Favorisez l\u2019apprentissage de l\u2019anglais et du fran\u00e7ais chez vos enfants. D\u00e9couvrez les avantages de notre programme","breadcrumb":{"@id":"https:\/\/garderieminimi.com\/2026\/05\/07\/garderie-bilingue-a-laval\/#breadcrumb"},"inLanguage":"en-CA","potentialAction":[{"@type":"ReadAction","target":["https:\/\/garderieminimi.com\/2026\/05\/07\/garderie-bilingue-a-laval\/"]}]},{"@type":"ImageObject","inLanguage":"en-CA","@id":"https:\/\/garderieminimi.com\/2026\/05\/07\/garderie-bilingue-a-laval\/#primaryimage","url":"https:\/\/i0.wp.com\/garderieminimi.com\/wp-content\/uploads\/2026\/05\/Blog-2-Pic.jpg?fit=1200%2C800&ssl=1","contentUrl":"https:\/\/i0.wp.com\/garderieminimi.com\/wp-content\/uploads\/2026\/05\/Blog-2-Pic.jpg?fit=1200%2C800&ssl=1","width":1200,"height":800,"caption":"Bilingual Daycare in Laval"},{"@type":"BreadcrumbList","@id":"https:\/\/garderieminimi.com\/2026\/05\/07\/garderie-bilingue-a-laval\/#breadcrumb","itemListElement":[{"@type":"ListItem","position":1,"name":"Home","item":"https:\/\/garderieminimi.com\/"},{"@type":"ListItem","position":2,"name":"Garderie bilingue \u00e0 Laval : aider les enfants \u00e0 apprendre dans deux langues"}]},{"@type":"WebSite","@id":"https:\/\/garderieminimi.com\/#website","url":"https:\/\/garderieminimi.com\/","name":"Garderie \u00c9ducative Minimi","description":"","publisher":{"@id":"https:\/\/garderieminimi.com\/#organization"},"potentialAction":[{"@type":"SearchAction","target":{"@type":"EntryPoint","urlTemplate":"https:\/\/garderieminimi.com\/?s={search_term_string}"},"query-input":{"@type":"PropertyValueSpecification","valueRequired":true,"valueName":"search_term_string"}}],"inLanguage":"en-CA"},{"@type":"Organization","@id":"https:\/\/garderieminimi.com\/#organization","name":"Garderie \u00c9ducative Minimi","url":"https:\/\/garderieminimi.com\/","logo":{"@type":"ImageObject","inLanguage":"en-CA","@id":"https:\/\/garderieminimi.com\/#\/schema\/logo\/image\/","url":"https:\/\/i0.wp.com\/garderieminimi.com\/wp-content\/uploads\/2026\/05\/Website-GEM-Logo-Final-e1779813092159.jpg?fit=2188%2C394&ssl=1","contentUrl":"https:\/\/i0.wp.com\/garderieminimi.com\/wp-content\/uploads\/2026\/05\/Website-GEM-Logo-Final-e1779813092159.jpg?fit=2188%2C394&ssl=1","width":2188,"height":394,"caption":"Garderie \u00c9ducative Minimi"},"image":{"@id":"https:\/\/garderieminimi.com\/#\/schema\/logo\/image\/"}},{"@type":"Person","@id":"https:\/\/garderieminimi.com\/#\/schema\/person\/45296f7db63e6a685ca8507fb9e59f5a","name":"Editorial Team","image":{"@type":"ImageObject","inLanguage":"en-CA","@id":"https:\/\/secure.gravatar.com\/avatar\/a16f5c2b2b58eeb6a851bd29b2985ff3b4cef250cf86bd8b02503c11f84aeeb3?s=96&d=mm&r=g","url":"https:\/\/secure.gravatar.com\/avatar\/a16f5c2b2b58eeb6a851bd29b2985ff3b4cef250cf86bd8b02503c11f84aeeb3?s=96&d=mm&r=g","contentUrl":"https:\/\/secure.gravatar.com\/avatar\/a16f5c2b2b58eeb6a851bd29b2985ff3b4cef250cf86bd8b02503c11f84aeeb3?s=96&d=mm&r=g","caption":"Editorial Team"},"url":"https:\/\/garderieminimi.com\/en\/author\/sharkscreators\/"}]}},"jetpack_publicize_connections":[],"jetpack_likes_enabled":false,"jetpack_sharing_enabled":true,"jetpack_shortlink":"https:\/\/wp.me\/phenPN-1Wa","jetpack-related-posts":[{"id":7990,"url":"https:\/\/garderieminimi.com\/en\/2026\/06\/01\/les-bienfaits-des-activites-physiques\/","url_meta":{"origin":7450,"position":0},"title":"The Benefits of Physical Activities in the Daycare","author":"Editorial Team","date":"June 1, 2026","format":false,"excerpt":"Les Bienfaits des Activit\u00e9s Physiques en Garderie -\u00a0Choisir un milieu de vie actif pour votre tout-petit est un investissement dans son bien-\u00eatre futur. \u00c0 la Garderie \u00c9ducative Minimi, nous croyons fermement que le mouvement est essentiel au d\u00e9veloppement global. Au-del\u00e0 du simple jeu libre, nous int\u00e9grons des s\u00e9ances structur\u00e9es pour\u2026","rel":"","context":"In &quot;Non cat\u00e9goris\u00e9&quot;","block_context":{"text":"Non cat\u00e9goris\u00e9","link":"https:\/\/garderieminimi.com\/en\/category\/non-categorise\/"},"img":{"alt_text":"Activit\u00e9s Physiques en Garderie","src":"https:\/\/i0.wp.com\/garderieminimi.com\/wp-content\/uploads\/2026\/05\/Blog-3-Pic.jpg?fit=1200%2C800&ssl=1&resize=350%2C200","width":350,"height":200,"srcset":"https:\/\/i0.wp.com\/garderieminimi.com\/wp-content\/uploads\/2026\/05\/Blog-3-Pic.jpg?fit=1200%2C800&ssl=1&resize=350%2C200 1x, https:\/\/i0.wp.com\/garderieminimi.com\/wp-content\/uploads\/2026\/05\/Blog-3-Pic.jpg?fit=1200%2C800&ssl=1&resize=525%2C300 1.5x, https:\/\/i0.wp.com\/garderieminimi.com\/wp-content\/uploads\/2026\/05\/Blog-3-Pic.jpg?fit=1200%2C800&ssl=1&resize=700%2C400 2x, https:\/\/i0.wp.com\/garderieminimi.com\/wp-content\/uploads\/2026\/05\/Blog-3-Pic.jpg?fit=1200%2C800&ssl=1&resize=1050%2C600 3x"},"classes":[]},{"id":7391,"url":"https:\/\/garderieminimi.com\/en\/2026\/05\/06\/garderie-poupon-laval\/","url_meta":{"origin":7450,"position":1},"title":"Garderie poupon \u00e0 Laval : le meilleur d\u00e9part \u00e0 votre b\u00e9b\u00e9","author":"Editorial Team","date":"May 6, 2026","format":false,"excerpt":"Choisir la bonne garderie pour votre b\u00e9b\u00e9 est l\u2019une des d\u00e9cisions les plus importantes que les parents doivent prendre. Si vous recherchez une\u00a0garderie poupon Laval, vous souhaitez trouver un environnement s\u00e9curitaire, attentionn\u00e9 et stimulant o\u00f9 votre enfant pourra grandir et s\u2019\u00e9panouir d\u00e8s ses premi\u00e8res ann\u00e9es. Pourquoi choisir une garderie poupon\u2026","rel":"","context":"In &quot;Garderie Poupon&quot;","block_context":{"text":"Garderie Poupon","link":"https:\/\/garderieminimi.com\/en\/category\/garderie-poupon\/"},"img":{"alt_text":"Garderie poupon Laval","src":"https:\/\/i0.wp.com\/garderieminimi.com\/wp-content\/uploads\/2026\/05\/blog-1.jpg?fit=1200%2C800&ssl=1&resize=350%2C200","width":350,"height":200,"srcset":"https:\/\/i0.wp.com\/garderieminimi.com\/wp-content\/uploads\/2026\/05\/blog-1.jpg?fit=1200%2C800&ssl=1&resize=350%2C200 1x, https:\/\/i0.wp.com\/garderieminimi.com\/wp-content\/uploads\/2026\/05\/blog-1.jpg?fit=1200%2C800&ssl=1&resize=525%2C300 1.5x, https:\/\/i0.wp.com\/garderieminimi.com\/wp-content\/uploads\/2026\/05\/blog-1.jpg?fit=1200%2C800&ssl=1&resize=700%2C400 2x, https:\/\/i0.wp.com\/garderieminimi.com\/wp-content\/uploads\/2026\/05\/blog-1.jpg?fit=1200%2C800&ssl=1&resize=1050%2C600 3x"},"classes":[]}],"jetpack_featured_media_url":"https:\/\/i0.wp.com\/garderieminimi.com\/wp-content\/uploads\/2026\/05\/Blog-2-Pic.jpg?fit=1200%2C800&ssl=1","_links":{"self":[{"href":"https:\/\/garderieminimi.com\/en\/wp-json\/wp\/v2\/posts\/7450","targetHints":{"allow":["GET"]}}],"collection":[{"href":"https:\/\/garderieminimi.com\/en\/wp-json\/wp\/v2\/posts"}],"about":[{"href":"https:\/\/garderieminimi.com\/en\/wp-json\/wp\/v2\/types\/post"}],"author":[{"embeddable":true,"href":"https:\/\/garderieminimi.com\/en\/wp-json\/wp\/v2\/users\/150964386"}],"replies":[{"embeddable":true,"href":"https:\/\/garderieminimi.com\/en\/wp-json\/wp\/v2\/comments?post=7450"}],"version-history":[{"count":6,"href":"https:\/\/garderieminimi.com\/en\/wp-json\/wp\/v2\/posts\/7450\/revisions"}],"predecessor-version":[{"id":7999,"href":"https:\/\/garderieminimi.com\/en\/wp-json\/wp\/v2\/posts\/7450\/revisions\/7999"}],"wp:featuredmedia":[{"embeddable":true,"href":"https:\/\/garderieminimi.com\/en\/wp-json\/wp\/v2\/media\/7453"}],"wp:attachment":[{"href":"https:\/\/garderieminimi.com\/en\/wp-json\/wp\/v2\/media?parent=7450"}],"wp:term":[{"taxonomy":"category","embeddable":true,"href":"https:\/\/garderieminimi.com\/en\/wp-json\/wp\/v2\/categories?post=7450"},{"taxonomy":"post_tag","embeddable":true,"href":"https:\/\/garderieminimi.com\/en\/wp-json\/wp\/v2\/tags?post=7450"}],"curies":[{"name":"wp","href":"https:\/\/api.w.org\/{rel}","templated":true}]}}